{"id":10469,"date":"2026-01-02T07:39:00","date_gmt":"2026-01-02T07:39:00","guid":{"rendered":"https:\/\/lpaspain.com\/?p=10469"},"modified":"2025-12-29T05:03:24","modified_gmt":"2025-12-29T05:03:24","slug":"new-andalusia-housing-law-2025-what-every-real-estate-professional-needs-to-know","status":"publish","type":"post","link":"https:\/\/lpaspain.com\/es\/new-andalusia-housing-law-2025-what-every-real-estate-professional-needs-to-know\/","title":{"rendered":"La nueva Ley de Vivienda de Andaluc\u00eda 2025: Todo lo que un profesional inmobiliario debe saber"},"content":{"rendered":"<p class=\"translation-block\"><b>La Ley 5\/2025, de Vivienda de Andaluc\u00eda<\/b>, publicada en el BOJA en diciembre de 2025, supone una <b>reordenaci\u00f3n profunda del marco normativo residencial<\/b> en la comunidad. No se trata solo de una actualizaci\u00f3n legal, sino de <b>una norma dise\u00f1ada para influir directamente en el funcionamiento del mercado inmobiliario<\/b>, la promoci\u00f3n de vivienda, el alquiler y el papel de los profesionales del sector.\n.<\/p>\n\n\n\n<p>A continuaci\u00f3n, analizamos los puntos clave de la ley y su impacto real en el mercado inmobiliario andaluz.<\/p>\n\n\n\n<p><\/p>\n\n\n\n<h2 class=\"wp-block-heading\">Un nuevo marco legal: m\u00e1s claridad y seguridad jur\u00eddica<\/h2>\n\n\n\n<p class=\"translation-block\">Uno de los principales objetivos de la ley es <b>unificar y simplificar una normativa<\/b> hasta ahora dispersa y obsoleta. Para el sector real estate, esto se traduce en:<\/p>\n\n\n\n<ul class=\"wp-block-list\">\n<li class=\"translation-block\">Mayor <b>seguridad jur\u00eddica<\/b> para promotores, propietarios y agentes<\/li>\n\n\n\n<li>Reglas m\u00e1s claras sobre vivienda libre, protegida y parque p\u00fablico.<\/li>\n\n\n\n<li>Menos incertidumbre normativa frente a cambios estatales como la Ley de Vivienda nacional.<\/li>\n<\/ul>\n\n\n\n<p class=\"translation-block\">La Junta de Andaluc\u00eda refuerza as\u00ed su <b>competencia auton\u00f3mica en materia de vivienda<\/b>, apostando por un modelo propio, m\u00e1s flexible y orientado al est\u00edmulo de la oferta.<\/p>\n\n\n\n<p><\/p>\n\n\n\n<h2 class=\"wp-block-heading\">Impulso a la colaboraci\u00f3n p\u00fablico-privada<\/h2>\n\n\n\n<p class=\"translation-block\">La ley <b>apuesta decididamente por la colaboraci\u00f3n p\u00fablico-privada<\/b> como herramienta para aumentar la oferta de vivienda asequible.<\/p>\n\n\n\n<p>Para el sector inmobiliario, esto abre nuevas oportunidades:<\/p>\n\n\n\n<ul class=\"wp-block-list\">\n<li>Bolsa de suelo para vivienda asequible<\/li>\n\n\n\n<li>Concesiones para construir y gestionar vivienda protegida<\/li>\n\n\n\n<li>F\u00f3rmulas mixtas de promoci\u00f3n y gesti\u00f3n del parque p\u00fablico<\/li>\n\n\n\n<li>Participaci\u00f3n privada en proyectos residenciales estrat\u00e9gicos<\/li>\n<\/ul>\n\n\n\n<p class=\"translation-block\">Este enfoque reconoce que <b>el sector privado es clave para resolver el d\u00e9ficit de vivienda<\/b>, especialmente en alquiler.<\/p>\n\n\n\n<p><\/p>\n\n\n\n<h2 class=\"wp-block-heading\">Vivienda protegida: reglas m\u00e1s flexibles y atractivas para promotores<\/h2>\n\n\n\n<p class=\"translation-block\">Uno de los cambios m\u00e1s relevantes es la <b>actualizaci\u00f3n del r\u00e9gimen de vivienda protegida<\/b>, tradicionalmente percibido como r\u00edgido y poco rentable.<\/p>\n\n\n\n<p>La nueva ley introduce:<\/p>\n\n\n\n<ul class=\"wp-block-list\">\n<li>Mayor flexibilidad en plazos de protecci\u00f3n<\/li>\n\n\n\n<li>Revisi\u00f3n de precios m\u00e1ximos<\/li>\n\n\n\n<li>Simplificaci\u00f3n de tr\u00e1mites<\/li>\n\n\n\n<li>Claridad en transmisiones, alquileres y derechos de tanteo y retracto<\/li>\n<\/ul>\n\n\n\n<p class=\"translation-block\"><b>Esto busca reactivar la promoci\u00f3n de vivienda protegida<\/b>, haci\u00e9ndola nuevamente atractiva para promotores e inversores.<\/p>\n\n\n\n<p><\/p>\n\n\n\n<h2 class=\"wp-block-heading\">Registro de Agentes Inmobiliarios: profesionalizaci\u00f3n del sector<\/h2>\n\n\n\n<p class=\"translation-block\">La ley crea el <b>Registro de Agentes Inmobiliarios Especializados del Sector Residencial de Andaluc\u00eda<\/b> , un paso clave hacia la profesionalizaci\u00f3n del mercado.<\/p>\n\n\n\n<p>\u00bfQu\u00e9 implica esto?<\/p>\n\n\n\n<ul class=\"wp-block-list\">\n<li>Inscripci\u00f3n mediante declaraci\u00f3n responsable<\/li>\n\n\n\n<li>Requisitos m\u00ednimos de formaci\u00f3n, solvencia y seguros<\/li>\n\n\n\n<li>Mayor transparencia para el consumidor<\/li>\n\n\n\n<li>Diferenciaci\u00f3n clara entre profesionales cualificados y operadores informales<\/li>\n<\/ul>\n\n\n\n<p class=\"translation-block\">Para agencias consolidadas y profesionales serios, supone <b>una ventaja competitiva y un refuerzo de la confianza del cliente<\/b>.<\/p>\n\n\n\n<p><\/p>\n\n\n\n<h2 class=\"wp-block-heading\">Alquiler: fomento de la oferta y protecci\u00f3n del propietario<\/h2>\n\n\n\n<p class=\"translation-block\">La norma evita controles de precios generalizados y <b>apuesta por incentivar la oferta<\/b>, especialmente desde propietarios privados.<\/p>\n\n\n\n<p>Entre las medidas destacadas:<\/p>\n\n\n\n<ul class=\"wp-block-list\">\n<li>Apoyo al alquiler asequible<\/li>\n\n\n\n<li>Seguridad jur\u00eddica frente a ocupaciones ilegales<\/li>\n\n\n\n<li>Coordinaci\u00f3n espec\u00edfica contra la ocupaci\u00f3n<\/li>\n\n\n\n<li>Incentivos para rehabilitar viviendas destinadas al alquiler<\/li>\n<\/ul>\n\n\n\n<p class=\"translation-block\">El mensaje es claro: <b>sin propietarios no hay mercado de alquiler<\/b>.<\/p>\n\n\n\n<p><\/p>\n\n\n\n<h2 class=\"wp-block-heading\">Rehabilitaci\u00f3n, sostenibilidad y calidad residencial<\/h2>\n\n\n\n<p>La ley alinea la pol\u00edtica de vivienda con:<\/p>\n\n\n\n<ul class=\"wp-block-list\">\n<li>Fondos Next Generation<\/li>\n\n\n\n<li>Eficiencia energ\u00e9tica<\/li>\n\n\n\n<li>Est\u00e1ndares de Accesibilidad universal<\/li>\n\n\n\n<li>Estrategias de regeneraci\u00f3n urbana<\/li>\n<\/ul>\n\n\n\n<p><\/p>\n\n\n\n<p>Para el real estate, esto implica:<\/p>\n\n\n\n<ul class=\"wp-block-list\">\n<li>M\u00e1s valor para viviendas rehabilitadas<\/li>\n\n\n\n<li>Mayor demanda de activos eficientes<\/li>\n\n\n\n<li>Oportunidades en regeneraci\u00f3n de barrios y edificios<\/li>\n<\/ul>\n\n\n\n<p class=\"translation-block\">La <b>sostenibilidad<\/b> deja de ser un extra y <b>pasa a ser un factor estructural del valor inmobiliario<\/b>.<\/p>\n\n\n\n<p><\/p>\n\n\n\n<h2 class=\"wp-block-heading\">Planeamiento urbano y vivienda: m\u00e1s coordinaci\u00f3n<\/h2>\n\n\n\n<p>La ley refuerza la conexi\u00f3n entre:<\/p>\n\n\n\n<ul class=\"wp-block-list\">\n<li>Planeamiento urban\u00edstico<\/li>\n\n\n\n<li>Reservas de suelo para vivienda protegida<\/li>\n\n\n\n<li>Planes municipales de vivienda<\/li>\n<\/ul>\n\n\n\n<p>Esto afecta directamente a:<\/p>\n\n\n\n<ul class=\"wp-block-list\">\n<li>Desarrollo de nuevos proyectos residenciales<\/li>\n\n\n\n<li>Estrategias de gesti\u00f3n de suelo<\/li>\n\n\n\n<li>Viabilidad de promociones residenciales<\/li>\n<\/ul>\n\n\n\n<p>Los municipios ganan protagonismo, pero dentro de un marco auton\u00f3mico m\u00e1s claro y coordinado.<\/p>\n\n\n\n<p><\/p>\n\n\n\n<h2 class=\"wp-block-heading\">Inspecci\u00f3n y r\u00e9gimen sancionador: reglas claras para todos<\/h2>\n\n\n\n<p>La norma refuerza la inspecci\u00f3n y el r\u00e9gimen sancionador, especialmente en:<\/p>\n\n\n\n<ul class=\"wp-block-list\">\n<li>Vivienda protegida no habitada<\/li>\n\n\n\n<li>Usos indebidos<\/li>\n\n\n\n<li>Transferenias irregulares<\/li>\n<\/ul>\n\n\n\n<p class=\"translation-block\">Para el sector profesional, esto significa un <b>mercado m\u00e1s ordenado y menos competencia desleal<\/b>.<\/p>\n\n\n\n<p><\/p>\n\n\n\n<h2 class=\"wp-block-heading\">Conclusi\u00f3n: una ley pensada para activar el mercado, no bloquearlo<\/h2>\n\n\n\n<p class=\"translation-block\">La <b>Ley de Vivienda de Andaluc\u00eda 2025 marca un cambio de enfoque respecto a otras normativas<\/b> recientes en Espa\u00f1a. En lugar de restringir el mercado, apuesta por:<\/p>\n\n\n\n<ul class=\"wp-block-list\">\n<li>Aumentar la oferta<\/li>\n\n\n\n<li>Atraer inversi\u00f3n<\/li>\n\n\n\n<li>Profesionalizar el sector<\/li>\n\n\n\n<li>Proteger al propietario<\/li>\n\n\n\n<li>Garantizar vivienda asequible desde la colaboraci\u00f3n<\/li>\n<\/ul>\n\n\n\n<p class=\"translation-block\">Para agentes inmobiliarios, promotores e inversores, esta ley <b>no es una amenaza<\/b>, sino un marco que, bien entendido, puede generar <b>nuevas oportunidades en el mercado residencial andaluz<\/b>.<\/p>\n\n\n\n<p><\/p>","protected":false},"excerpt":{"rendered":"<p>Law 5\/2025 on Housing in Andalusia, published in the Official Gazette (BOJA) in December 2025, represents a major overhaul of the region\u2019s residential legal framework. It is not merely a legal update, but a regulation designed to directly influence how the real estate market operates, affecting development, rental housing, and the role of property professionals. [&hellip;]<\/p>\n","protected":false},"author":6,"featured_media":10470,"comment_status":"open","ping_status":"open","sticky":false,"template":"","format":"standard","meta":{"_acf_changed":false,"footnotes":""},"categories":[80],"tags":[],"class_list":["post-10469","post","type-post","status-publish","format-standard","has-post-thumbnail","hentry","category-news"],"acf":[],"_links":{"self":[{"href":"https:\/\/lpaspain.com\/es\/wp-json\/wp\/v2\/posts\/10469","targetHints":{"allow":["GET"]}}],"collection":[{"href":"https:\/\/lpaspain.com\/es\/wp-json\/wp\/v2\/posts"}],"about":[{"href":"https:\/\/lpaspain.com\/es\/wp-json\/wp\/v2\/types\/post"}],"author":[{"embeddable":true,"href":"https:\/\/lpaspain.com\/es\/wp-json\/wp\/v2\/users\/6"}],"replies":[{"embeddable":true,"href":"https:\/\/lpaspain.com\/es\/wp-json\/wp\/v2\/comments?post=10469"}],"version-history":[{"count":2,"href":"https:\/\/lpaspain.com\/es\/wp-json\/wp\/v2\/posts\/10469\/revisions"}],"predecessor-version":[{"id":10472,"href":"https:\/\/lpaspain.com\/es\/wp-json\/wp\/v2\/posts\/10469\/revisions\/10472"}],"wp:featuredmedia":[{"embeddable":true,"href":"https:\/\/lpaspain.com\/es\/wp-json\/wp\/v2\/media\/10470"}],"wp:attachment":[{"href":"https:\/\/lpaspain.com\/es\/wp-json\/wp\/v2\/media?parent=10469"}],"wp:term":[{"taxonomy":"category","embeddable":true,"href":"https:\/\/lpaspain.com\/es\/wp-json\/wp\/v2\/categories?post=10469"},{"taxonomy":"post_tag","embeddable":true,"href":"https:\/\/lpaspain.com\/es\/wp-json\/wp\/v2\/tags?post=10469"}],"curies":[{"name":"wp","href":"https:\/\/api.w.org\/{rel}","templated":true}]}}